{"id":554,"date":"2025-03-28T15:58:43","date_gmt":"2025-03-28T15:58:43","guid":{"rendered":"https:\/\/www.15mcityspecific.org\/poznan\/?post_type=news&#038;p=554"},"modified":"2025-03-28T16:01:19","modified_gmt":"2025-03-28T16:01:19","slug":"o-projekcie-specific-w-podcascie-druga-wersja","status":"publish","type":"news","link":"https:\/\/www.15mcityspecific.org\/poznan\/blog\/news\/o-projekcie-specific-w-podcascie-druga-wersja\/","title":{"rendered":"O projekcie SPECIFIC w podca\u015bcie \u201eDruga wersja\u201d"},"content":{"rendered":"\n<p><strong>Czy mo\u017cna \u017cy\u0107 wygodniej, skracaj\u0105c dystanse? Jak bardzo czas dojazdu wp\u0142ywa na nasz\u0105 jako\u015b\u0107 \u017cycia? Co do tego maj\u0105 rowery cargo? O projekcie SPECIFIC i mie\u015bcie 15-minutowym w podca\u015bcie\u00a0<strong>\u201eDruga wersja\u201d<\/strong>\u00a0rozmawiali Micha\u0142 Czaja i <strong>dr Marcin Krassowski<\/strong><\/strong>. <\/p>\n\n\n\n<figure class=\"wp-block-image size-full\"><img loading=\"lazy\" decoding=\"async\" width=\"1024\" height=\"643\" src=\"https:\/\/www.15mcityspecific.org\/poznan\/wp-content\/uploads\/sites\/6\/2025\/03\/480966280_630647896560383_2687514799072164535_n.jpg\" alt=\"\" class=\"wp-image-561\" srcset=\"https:\/\/www.15mcityspecific.org\/poznan\/wp-content\/uploads\/sites\/6\/2025\/03\/480966280_630647896560383_2687514799072164535_n.jpg 1024w, https:\/\/www.15mcityspecific.org\/poznan\/wp-content\/uploads\/sites\/6\/2025\/03\/480966280_630647896560383_2687514799072164535_n-400x251.jpg 400w, https:\/\/www.15mcityspecific.org\/poznan\/wp-content\/uploads\/sites\/6\/2025\/03\/480966280_630647896560383_2687514799072164535_n-768x482.jpg 768w\" sizes=\"auto, (max-width: 1024px) 100vw, 1024px\" \/><figcaption class=\"wp-element-caption\">Foto \u201eDruga wersja\u201d<\/figcaption><\/figure>\n\n\n\n<blockquote class=\"wp-block-quote is-layout-flow wp-block-quote-is-layout-flow\">\n<p>Jak Pary\u017c zarazi\u0142 Pozna\u0144 (i reszt\u0119 \u015bwiata) patrzeniem na zegarek. Co mo\u017cemy\/powini\u015bmy za\u0142atwi\u0107 w mie\u015bcie (i na przedmie\u015bciach) w 15, 20 czy 30 minut. O tym, \u017ce im mniej doje\u017cd\u017camy, tym jeste\u015bmy szcz\u0119\u015bliwsi.\u00a0O tym, \u017ce Pozna\u0144 jest stolic\u0105 rower\u00f3w cargo. O konkurowaniu rowerzyst\u00f3w z samochodziarzami o przestrze\u0144 i odwiecznym konflikcie: dwa czy cztery k\u00f3\u0142ka.\u00a0I o projekcie SPECIFIC, czyli o tym, jak przedsi\u0119biorczy Poznaniacy mog\u0105 zamieni\u0107 (za darmo) furgonetk\u0119 na towarowy rower.<\/p>\n<cite>pisze o rozmowie Micha\u0142 Czaja z \u201eDrugiej wersji \/\/ podcastu popularnego\u201d<\/cite><\/blockquote>\n\n\n\n<h2 class=\"wp-block-heading\">Serdecznie zapraszamy do wys\u0142uchania ca\u0142ej rozmowy!<\/h2>\n\n\n\n<figure class=\"wp-block-embed is-type-rich is-provider-spotify wp-block-embed-spotify wp-embed-aspect-21-9 wp-has-aspect-ratio\"><div class=\"wp-block-embed__wrapper\">\n<iframe title=\"Spotify Embed: Rower czy auto, Le Corbusier vs Moreno, chronotopia i topofilia oraz dwa k\u00f3\u0142ka cargo dla ka\u017cdego, czyli zr\u00f3bmy sobie  15-minutowe miasto #179\" style=\"border-radius: 12px\" width=\"100%\" height=\"152\" frameborder=\"0\" allowfullscreen allow=\"autoplay; clipboard-write; encrypted-media; fullscreen; picture-in-picture\" loading=\"lazy\" src=\"https:\/\/open.spotify.com\/embed\/episode\/3Mfld5aFvMlanb3GfCDaFf?si=CIuiwKIzQgWP_B2-PbNlyQ&#038;utm_source=oembed\"><\/iframe>\n<\/div><\/figure>\n\n\n\n<p><\/p>\n","protected":false},"excerpt":{"rendered":"<p>Czy mo\u017cna \u017cy\u0107 wygodniej, skracaj\u0105c dystanse? Jak bardzo czas dojazdu wp\u0142ywa na nasz\u0105 jako\u015b\u0107 \u017cycia? Co do tego maj\u0105 rowery cargo? O projekcie SPECIFIC i mie\u015bcie 15-minutowym w podca\u015bcie\u00a0\u201eDruga wersja\u201d\u00a0rozmawiali Micha\u0142 Czaja i dr [&hellip;]<\/p>\n","protected":false},"featured_media":556,"template":"","city":[],"class_list":["post-554","news","type-news","status-publish","has-post-thumbnail","hentry"],"acf":[],"publishpress_future_workflow_manual_trigger":{"enabledWorkflows":[]},"_links":{"self":[{"href":"https:\/\/www.15mcityspecific.org\/poznan\/wp-json\/wp\/v2\/news\/554","targetHints":{"allow":["GET"]}}],"collection":[{"href":"https:\/\/www.15mcityspecific.org\/poznan\/wp-json\/wp\/v2\/news"}],"about":[{"href":"https:\/\/www.15mcityspecific.org\/poznan\/wp-json\/wp\/v2\/types\/news"}],"wp:featuredmedia":[{"embeddable":true,"href":"https:\/\/www.15mcityspecific.org\/poznan\/wp-json\/wp\/v2\/media\/556"}],"wp:attachment":[{"href":"https:\/\/www.15mcityspecific.org\/poznan\/wp-json\/wp\/v2\/media?parent=554"}],"wp:term":[{"taxonomy":"city","embeddable":true,"href":"https:\/\/www.15mcityspecific.org\/poznan\/wp-json\/wp\/v2\/city?post=554"}],"curies":[{"name":"wp","href":"https:\/\/api.w.org\/{rel}","templated":true}]}}